{"id":46396,"date":"2016-12-27T05:24:08","date_gmt":"2016-12-27T03:24:08","guid":{"rendered":"http:\/\/gioiellis.com\/?p=46396"},"modified":"2024-08-12T18:17:55","modified_gmt":"2024-08-12T16:17:55","slug":"lanello-al-labbro-tendenza-2017","status":"publish","type":"post","link":"https:\/\/gioiellis.com\/es\/el-labio-del-anillo-sera-la-tendencia-para-2017\/","title":{"rendered":"El labio del anillo ser\u00e1 la tendencia para 2017?"},"content":{"rendered":"<p><strong>Un anillo en el labio ser\u00e1 la tendencia para 2017? Tal vez, porque para mostrar un labio del anillo es Kim Kardashian.<\/strong><br \/>\nY si 2017 ser\u00e1 el a\u00f1o del labio? La duda surge despu\u00e9s de que el famoso por ser famoso Kim Kardashian ha publicado dos fotos de su fiesta de Navidad en la que aparece con un anillo que rodea el labio inferior. Adem\u00e1s de eso un decollete generoso, pero sobre esto est\u00e1n todos acostumbrados. El anillo en su labio se recuerda inmediatamente a la desventura parisiense Kim Kardashian, que ha sido v\u00edctima de un misterioso robo.<br \/>\nLea tambi\u00e9n <a href=\"http:\/\/gioiellis.com\/che-cosa-nel-tesoro-di-kim\/\">The strange jewel heist Kim\u00a0<\/a><\/p>\n<p>Y despu\u00e9s de que el herido de la joyer\u00eda viviera en un hotel en Par\u00eds, el marido de la celebridad, Kanye West, fue hospitalizado por el estr\u00e9s nervioso. Debemos agregar, sin embargo, que el anillo que el labio mostrado en la velada familiar no era la \u00fanica joyer\u00eda usada. En el cuello, de hecho, Kim ten\u00eda un chocker, con colgante llamativo, que evidentemente se escap\u00f3 del robo inmediatamente.<br \/>\nEn cualquier caso, Kim Kardashian no es la primera celebridad en usar una perforaci\u00f3n de labios. Antes de su exhibici\u00f3n en figuras p\u00fablicas como la modelo Cara Delevingne o el ex luchador americano y modelo Ashley Massaro. <strong>Rudy Serra<\/strong><\/p>\n<figure id=\"attachment_46403\" aria-describedby=\"caption-attachment-46403\" style=\"width: 709px\" class=\"wp-caption aligncenter\"><a href=\"http:\/\/gioiellis.com\/wp-content\/uploads\/2016\/12\/lip-ring.jpg\"><img loading=\"lazy\" decoding=\"async\" class=\"size-full wp-image-46403\" src=\"http:\/\/gioiellis.com\/wp-content\/uploads\/2016\/12\/lip-ring.jpg\" alt=\"Lip ring\" width=\"709\" height=\"493\" title=\"\" srcset=\"https:\/\/gioiellis.com\/wp-content\/uploads\/2016\/12\/lip-ring.jpg 709w, https:\/\/gioiellis.com\/wp-content\/uploads\/2016\/12\/lip-ring-300x209.jpg 300w, https:\/\/gioiellis.com\/wp-content\/uploads\/2016\/12\/lip-ring-79x55.jpg 79w\" sizes=\"auto, (max-width: 709px) 100vw, 709px\" \/><\/a><figcaption id=\"caption-attachment-46403\" class=\"wp-caption-text\">Lip ring<\/figcaption><\/figure>\n<figure id=\"attachment_46402\" aria-describedby=\"caption-attachment-46402\" style=\"width: 709px\" class=\"wp-caption aligncenter\"><a href=\"http:\/\/gioiellis.com\/wp-content\/uploads\/2016\/12\/Kim-Kardashian-Lip-Ring.jpg\"><img loading=\"lazy\" decoding=\"async\" class=\"size-full wp-image-46402\" src=\"http:\/\/gioiellis.com\/wp-content\/uploads\/2016\/12\/Kim-Kardashian-Lip-Ring.jpg\" alt=\"Kim Kardashian con la sorella KlhloeKim Kardashian con la sorella Klhloe\" width=\"709\" height=\"354\" title=\"\" srcset=\"https:\/\/gioiellis.com\/wp-content\/uploads\/2016\/12\/Kim-Kardashian-Lip-Ring.jpg 709w, https:\/\/gioiellis.com\/wp-content\/uploads\/2016\/12\/Kim-Kardashian-Lip-Ring-300x150.jpg 300w, https:\/\/gioiellis.com\/wp-content\/uploads\/2016\/12\/Kim-Kardashian-Lip-Ring-110x55.jpg 110w\" sizes=\"auto, (max-width: 709px) 100vw, 709px\" \/><\/a><figcaption id=\"caption-attachment-46402\" class=\"wp-caption-text\">Kim Kardashian con la sorella Klhloe<\/figcaption><\/figure>\n<figure id=\"attachment_46401\" aria-describedby=\"caption-attachment-46401\" style=\"width: 709px\" class=\"wp-caption aligncenter\"><a href=\"http:\/\/gioiellis.com\/wp-content\/uploads\/2016\/12\/Kim-Kardashian-lip-ring-_-b.jpg\"><img loading=\"lazy\" decoding=\"async\" class=\"size-full wp-image-46401\" src=\"http:\/\/gioiellis.com\/wp-content\/uploads\/2016\/12\/Kim-Kardashian-lip-ring-_-b.jpg\" alt=\"Kim Kardashian con la sorella Klhloe\" width=\"709\" height=\"1260\" title=\"\" srcset=\"https:\/\/gioiellis.com\/wp-content\/uploads\/2016\/12\/Kim-Kardashian-lip-ring-_-b.jpg 709w, https:\/\/gioiellis.com\/wp-content\/uploads\/2016\/12\/Kim-Kardashian-lip-ring-_-b-169x300.jpg 169w, https:\/\/gioiellis.com\/wp-content\/uploads\/2016\/12\/Kim-Kardashian-lip-ring-_-b-576x1024.jpg 576w, https:\/\/gioiellis.com\/wp-content\/uploads\/2016\/12\/Kim-Kardashian-lip-ring-_-b-31x55.jpg 31w\" sizes=\"auto, (max-width: 709px) 100vw, 709px\" \/><\/a><figcaption id=\"caption-attachment-46401\" class=\"wp-caption-text\">Kim Kardashian con la sorella Klhloe<\/figcaption><\/figure>\n<figure id=\"attachment_46400\" aria-describedby=\"caption-attachment-46400\" style=\"width: 709px\" class=\"wp-caption aligncenter\"><a href=\"http:\/\/gioiellis.com\/wp-content\/uploads\/2016\/12\/Kim-Kardashian-lip-ring-_-a.jpg\"><img loading=\"lazy\" decoding=\"async\" class=\"size-full wp-image-46400\" src=\"http:\/\/gioiellis.com\/wp-content\/uploads\/2016\/12\/Kim-Kardashian-lip-ring-_-a.jpg\" alt=\"Kim Kardashian con  anello al labbro e chocker\" width=\"709\" height=\"1260\" title=\"\" srcset=\"https:\/\/gioiellis.com\/wp-content\/uploads\/2016\/12\/Kim-Kardashian-lip-ring-_-a.jpg 709w, https:\/\/gioiellis.com\/wp-content\/uploads\/2016\/12\/Kim-Kardashian-lip-ring-_-a-169x300.jpg 169w, https:\/\/gioiellis.com\/wp-content\/uploads\/2016\/12\/Kim-Kardashian-lip-ring-_-a-576x1024.jpg 576w, https:\/\/gioiellis.com\/wp-content\/uploads\/2016\/12\/Kim-Kardashian-lip-ring-_-a-31x55.jpg 31w\" sizes=\"auto, (max-width: 709px) 100vw, 709px\" \/><\/a><figcaption id=\"caption-attachment-46400\" class=\"wp-caption-text\">Kim Kardashian con anello al labbro e chocker<\/figcaption><\/figure>\n<figure id=\"attachment_46399\" aria-describedby=\"caption-attachment-46399\" style=\"width: 748px\" class=\"wp-caption aligncenter\"><a href=\"http:\/\/gioiellis.com\/wp-content\/uploads\/2016\/12\/cara-delevinge.jpg\"><img loading=\"lazy\" decoding=\"async\" class=\"size-full wp-image-46399\" src=\"http:\/\/gioiellis.com\/wp-content\/uploads\/2016\/12\/cara-delevinge.jpg\" alt=\"Cara Delvigne con anello al labbro\" width=\"748\" height=\"803\" title=\"\" srcset=\"https:\/\/gioiellis.com\/wp-content\/uploads\/2016\/12\/cara-delevinge.jpg 748w, https:\/\/gioiellis.com\/wp-content\/uploads\/2016\/12\/cara-delevinge-279x300.jpg 279w, https:\/\/gioiellis.com\/wp-content\/uploads\/2016\/12\/cara-delevinge-51x55.jpg 51w\" sizes=\"auto, (max-width: 748px) 100vw, 748px\" \/><\/a><figcaption id=\"caption-attachment-46399\" class=\"wp-caption-text\">Cara Delvigne con anello al labbro<\/figcaption><\/figure>\n<figure id=\"attachment_46398\" aria-describedby=\"caption-attachment-46398\" style=\"width: 709px\" class=\"wp-caption aligncenter\"><a href=\"http:\/\/gioiellis.com\/wp-content\/uploads\/2016\/12\/Ashley-Massaro.jpg\"><img loading=\"lazy\" decoding=\"async\" class=\"size-full wp-image-46398\" src=\"http:\/\/gioiellis.com\/wp-content\/uploads\/2016\/12\/Ashley-Massaro.jpg\" alt=\"Ashley Massaro con un lip ring\" width=\"709\" height=\"1061\" title=\"\" srcset=\"https:\/\/gioiellis.com\/wp-content\/uploads\/2016\/12\/Ashley-Massaro.jpg 709w, https:\/\/gioiellis.com\/wp-content\/uploads\/2016\/12\/Ashley-Massaro-200x300.jpg 200w, https:\/\/gioiellis.com\/wp-content\/uploads\/2016\/12\/Ashley-Massaro-684x1024.jpg 684w, https:\/\/gioiellis.com\/wp-content\/uploads\/2016\/12\/Ashley-Massaro-37x55.jpg 37w\" sizes=\"auto, (max-width: 709px) 100vw, 709px\" \/><\/a><figcaption id=\"caption-attachment-46398\" class=\"wp-caption-text\">Ashley Massaro con un lip ring<\/figcaption><\/figure>\n<p>OroSoffiato, la creatividad es precisi\u00f3n\u201d (Modifica)\"><\/a><\/p>","protected":false},"excerpt":{"rendered":"<p>Un anillo en el labio ser\u00e1 la tendencia para 2017? Tal vez, porque para mostrar un labio del anillo es Kim Kardashian. Y si 2017 ser\u00e1 el a\u00f1o del labio? La duda surge despu\u00e9s de que el famoso por ser famoso Kim Kardashian ha publicado dos fotos de su fiesta de Navidad en la que aparece con un anillo que rodea el labio inferior. Adem\u00e1s de eso un decollete generoso, pero sobre esto est\u00e1n todos acostumbrados. El anillo en su labio se recuerda inmediatamente a la desventura parisiense Kim Kardashian, que ha sido v\u00edctima de un misterioso robo. Lea tambi\u00e9n<\/p>\n","protected":false},"author":6,"featured_media":46403,"comment_status":"open","ping_status":"open","sticky":false,"template":"","format":"standard","meta":{"_acf_changed":false,"footnotes":""},"categories":[6],"tags":[118,2769,3032],"class_list":["post-46396","post","type-post","status-publish","format-standard","has-post-thumbnail","hentry","category-people","tag-kim-kardashian","tag-kanye-west","tag-cara-delevigne","style--link-1"],"acf":[],"_links":{"self":[{"href":"https:\/\/gioiellis.com\/es\/wp-json\/wp\/v2\/posts\/46396","targetHints":{"allow":["GET"]}}],"collection":[{"href":"https:\/\/gioiellis.com\/es\/wp-json\/wp\/v2\/posts"}],"about":[{"href":"https:\/\/gioiellis.com\/es\/wp-json\/wp\/v2\/types\/post"}],"author":[{"embeddable":true,"href":"https:\/\/gioiellis.com\/es\/wp-json\/wp\/v2\/users\/6"}],"replies":[{"embeddable":true,"href":"https:\/\/gioiellis.com\/es\/wp-json\/wp\/v2\/comments?post=46396"}],"version-history":[{"count":1,"href":"https:\/\/gioiellis.com\/es\/wp-json\/wp\/v2\/posts\/46396\/revisions"}],"predecessor-version":[{"id":129304,"href":"https:\/\/gioiellis.com\/es\/wp-json\/wp\/v2\/posts\/46396\/revisions\/129304"}],"wp:featuredmedia":[{"embeddable":true,"href":"https:\/\/gioiellis.com\/es\/wp-json\/wp\/v2\/media\/46403"}],"wp:attachment":[{"href":"https:\/\/gioiellis.com\/es\/wp-json\/wp\/v2\/media?parent=46396"}],"wp:term":[{"taxonomy":"category","embeddable":true,"href":"https:\/\/gioiellis.com\/es\/wp-json\/wp\/v2\/categories?post=46396"},{"taxonomy":"post_tag","embeddable":true,"href":"https:\/\/gioiellis.com\/es\/wp-json\/wp\/v2\/tags?post=46396"}],"curies":[{"name":"wp","href":"https:\/\/api.w.org\/{rel}","templated":true}]}}